{"id":2335,"date":"2025-05-06T09:06:59","date_gmt":"2025-05-06T12:06:59","guid":{"rendered":"https:\/\/centraldacop.oc.eco.br\/central-is-in-the-finals\/"},"modified":"2025-05-07T21:07:20","modified_gmt":"2025-05-08T00:07:20","slug":"central-is-in-the-finals","status":"publish","type":"post","link":"https:\/\/centraldacop.oc.eco.br\/en\/central-is-in-the-finals\/","title":{"rendered":"Central is in the finals!"},"content":{"rendered":"\n<p>Central da COP, an Observat\u00f3rio do Clima (OC) project that mixes climate news with soccer language, will make its debut at the Mangueir\u00e3o stadium in Bel\u00e9m, Par\u00e1, next Wednesday (5), during the first match between Paysandu and Remo in the final of the Paraz\u00e3o state championship. The action results from a partnership between Observat\u00f3rio do Clima and the Par\u00e1 Football Federation. <\/p>\n\n<p>At the entrance to the Mangueir\u00e3o, fans will pass by stands produced in each team&#8217;s color, where there will be explanatory materials and experts on duty, ready to talk about global warming. On the stadium&#8217;s big screens, a video produced by the Temple agency will be shown, with narration by Guilherme Guerreiro, an icon of sports announcing in Par\u00e1, explaining how the UN Conference of the Parties, scheduled for November in Bel\u00e9m, works. There will also be a distribution of <a href=\"https:\/\/centraldacop.oc.eco.br\/figuroes-em-figurinhas\/\">Central da COP sticker albums<\/a> and the entry onto the field of children wearing uniforms with Central&#8217;s logos and the Par\u00e1 Football Federation.   <\/p>\n\n<p>The action crowns Observat\u00f3rio do Clima&#8217;s project to take the debate on climate change to major popular events, as Joana Amaral, OC&#8217;s engagement coordinator, explains: &#8220;The effects of climate change affect everyone, regardless of whether they&#8217;re in the countryside or the city, whether it&#8217;s heat, drought, excess rain or lack of it. So there&#8217;s nothing better than using a stage that Brazilians love to talk about this issue: a soccer stadium.&#8221; <\/p>\n\n<p>The partnership is also celebrated by Ricardo Gluck Paul, president of the FPF: &#8220;Football, Brazil\u2019s greatest passion, has been taking on more and more social responsibility. That&#8217;s why we&#8217;re taking advantage of the derby between Paysandu and Remo, one of the most traditional in the country, to invite the public to participate more actively in the preparations for the Bel\u00e9m climate conference. After all, soccer also depends on the stability of the climate.&#8221;<\/p>\n\n<p>The event has the support of organizations that are part of Observat\u00f3rio do Clima, such as Imazon, IPAM, ISA, IEB and Engajamundo.<strong> <\/strong>The COP video will be shown again at the stadium during the second leg of the final, scheduled for next Sunday, May 11, also at the Mangueir\u00e3o.  <\/p>\n\n<p>&#8221; <a href=\"https:\/\/centraldacop.oc.eco.br\/en\/\">Central da COP<\/a> uses the language of soccer, which is so familiar to Brazilians, to simplify a technical subject, which is climate change. It&#8217;s a joy for us to talk about this subject in a stadium, to thousands of people, in the very city that will host COP30,&#8221; says journalist Roberto Kaz, editor of Central da COP. &#8220;A partnership like this, with the Par\u00e1 Football Federation, is a milestone for climate education.&#8221;  <\/p>\n","protected":false},"excerpt":{"rendered":"<p>Central da COP joins forces with the Para Football Federation to bring information on climate change to the Paraz\u00e3o finals between Remo and Paysandu<\/p>\n","protected":false},"author":19,"featured_media":2196,"comment_status":"closed","ping_status":"open","sticky":false,"template":"","format":"standard","meta":{"_acf_changed":false,"footnotes":""},"categories":[126],"tags":[219,218,220],"ppma_author":[70],"class_list":["post-2335","post","type-post","status-publish","format-standard","has-post-thumbnail","hentry","category-news","tag-central-da-cop-en","tag-cop-30-en","tag-para-soccer-championship"],"acf":[],"yoast_head":"<!-- This site is optimized with the Yoast SEO plugin v26.4 - https:\/\/yoast.com\/wordpress\/plugins\/seo\/ -->\n<title>Central is in the finals!<\/title>\n<meta name=\"description\" content=\"Central da COP and the Par\u00e1 Football Federation join forces to bring information on climate change to the match between Remo and Paysandu in the Paraz\u00e3o final\" \/>\n<meta name=\"robots\" content=\"index, follow, max-snippet:-1, max-image-preview:large, max-video-preview:-1\" \/>\n<link rel=\"canonical\" href=\"https:\/\/centraldacop.oc.eco.br\/en\/central-is-in-the-finals\/\" \/>\n<meta property=\"og:locale\" content=\"en_US\" \/>\n<meta property=\"og:type\" content=\"article\" \/>\n<meta property=\"og:title\" content=\"Central is in the finals!\" \/>\n<meta property=\"og:description\" content=\"Central da COP and the Par\u00e1 Football Federation join forces to bring information on climate change to the match between Remo and Paysandu in the Paraz\u00e3o final\" \/>\n<meta property=\"og:url\" content=\"https:\/\/centraldacop.oc.eco.br\/en\/central-is-in-the-finals\/\" \/>\n<meta property=\"og:site_name\" content=\"Central da COP\" \/>\n<meta property=\"article:publisher\" content=\"https:\/\/www.facebook.com\/ObservatorioClima\" \/>\n<meta property=\"article:published_time\" content=\"2025-05-06T12:06:59+00:00\" \/>\n<meta property=\"article:modified_time\" content=\"2025-05-08T00:07:20+00:00\" \/>\n<meta property=\"og:image\" content=\"https:\/\/centraldacop.oc.eco.br\/wp-content\/uploads\/2025\/05\/WhatsApp-Image-2025-05-05-at-11.25.27.jpeg\" \/>\n\t<meta property=\"og:image:width\" content=\"1600\" \/>\n\t<meta property=\"og:image:height\" content=\"800\" \/>\n\t<meta property=\"og:image:type\" content=\"image\/jpeg\" \/>\n<meta name=\"author\" content=\"DA CENTRAL DA COP\" \/>\n<meta name=\"twitter:card\" content=\"summary_large_image\" \/>\n<meta name=\"twitter:creator\" content=\"@obsclima\" \/>\n<meta name=\"twitter:site\" content=\"@obsclima\" \/>\n<meta name=\"twitter:label1\" content=\"Written by\" \/>\n\t<meta name=\"twitter:data1\" content=\"DA CENTRAL DA COP\" \/>\n\t<meta name=\"twitter:label2\" content=\"Est. reading time\" \/>\n\t<meta name=\"twitter:data2\" content=\"2 minutes\" \/>\n<script type=\"application\/ld+json\" class=\"yoast-schema-graph\">{\"@context\":\"https:\/\/schema.org\",\"@graph\":[{\"@type\":\"Article\",\"@id\":\"https:\/\/centraldacop.oc.eco.br\/en\/central-is-in-the-finals\/#article\",\"isPartOf\":{\"@id\":\"https:\/\/centraldacop.oc.eco.br\/en\/central-is-in-the-finals\/\"},\"author\":{\"name\":\"DA CENTRAL DA COP\",\"@id\":\"https:\/\/centraldacop.oc.eco.br\/#\/schema\/person\/4b1b2c227e4ee05b05a3b988b391c848\"},\"headline\":\"Central is in the finals!\",\"datePublished\":\"2025-05-06T12:06:59+00:00\",\"dateModified\":\"2025-05-08T00:07:20+00:00\",\"mainEntityOfPage\":{\"@id\":\"https:\/\/centraldacop.oc.eco.br\/en\/central-is-in-the-finals\/\"},\"wordCount\":455,\"publisher\":{\"@id\":\"https:\/\/centraldacop.oc.eco.br\/#organization\"},\"image\":{\"@id\":\"https:\/\/centraldacop.oc.eco.br\/en\/central-is-in-the-finals\/#primaryimage\"},\"thumbnailUrl\":\"https:\/\/centraldacop.oc.eco.br\/wp-content\/uploads\/2025\/05\/WhatsApp-Image-2025-05-05-at-11.25.27.jpeg\",\"keywords\":[\"Central da COP\",\"COP 30\",\"Par\u00e1 soccer championship\"],\"articleSection\":[\"News\"],\"inLanguage\":\"en-US\"},{\"@type\":\"WebPage\",\"@id\":\"https:\/\/centraldacop.oc.eco.br\/en\/central-is-in-the-finals\/\",\"url\":\"https:\/\/centraldacop.oc.eco.br\/en\/central-is-in-the-finals\/\",\"name\":\"Central is in the finals!\",\"isPartOf\":{\"@id\":\"https:\/\/centraldacop.oc.eco.br\/#website\"},\"primaryImageOfPage\":{\"@id\":\"https:\/\/centraldacop.oc.eco.br\/en\/central-is-in-the-finals\/#primaryimage\"},\"image\":{\"@id\":\"https:\/\/centraldacop.oc.eco.br\/en\/central-is-in-the-finals\/#primaryimage\"},\"thumbnailUrl\":\"https:\/\/centraldacop.oc.eco.br\/wp-content\/uploads\/2025\/05\/WhatsApp-Image-2025-05-05-at-11.25.27.jpeg\",\"datePublished\":\"2025-05-06T12:06:59+00:00\",\"dateModified\":\"2025-05-08T00:07:20+00:00\",\"description\":\"Central da COP and the Par\u00e1 Football Federation join forces to bring information on climate change to the match between Remo and Paysandu in the Paraz\u00e3o final\",\"breadcrumb\":{\"@id\":\"https:\/\/centraldacop.oc.eco.br\/en\/central-is-in-the-finals\/#breadcrumb\"},\"inLanguage\":\"en-US\",\"potentialAction\":[{\"@type\":\"ReadAction\",\"target\":[\"https:\/\/centraldacop.oc.eco.br\/en\/central-is-in-the-finals\/\"]}]},{\"@type\":\"ImageObject\",\"inLanguage\":\"en-US\",\"@id\":\"https:\/\/centraldacop.oc.eco.br\/en\/central-is-in-the-finals\/#primaryimage\",\"url\":\"https:\/\/centraldacop.oc.eco.br\/wp-content\/uploads\/2025\/05\/WhatsApp-Image-2025-05-05-at-11.25.27.jpeg\",\"contentUrl\":\"https:\/\/centraldacop.oc.eco.br\/wp-content\/uploads\/2025\/05\/WhatsApp-Image-2025-05-05-at-11.25.27.jpeg\",\"width\":1600,\"height\":800,\"caption\":\"O evento conta com apoio de organiza\u00e7\u00f5es que integram o Observat\u00f3rio do Clima, como Ipam, ISA, IEB, Basa e Engajamundo, e parcerias com a Secretaria de Cultura do Par\u00e1 e da Funda\u00e7\u00e3o Cultural do estado\"},{\"@type\":\"BreadcrumbList\",\"@id\":\"https:\/\/centraldacop.oc.eco.br\/en\/central-is-in-the-finals\/#breadcrumb\",\"itemListElement\":[{\"@type\":\"ListItem\",\"position\":1,\"name\":\"In\u00edcio\",\"item\":\"https:\/\/centraldacop.oc.eco.br\/en\/home\/\"},{\"@type\":\"ListItem\",\"position\":2,\"name\":\"Central is in the finals!\"}]},{\"@type\":\"WebSite\",\"@id\":\"https:\/\/centraldacop.oc.eco.br\/#website\",\"url\":\"https:\/\/centraldacop.oc.eco.br\/\",\"name\":\"Central da COP\",\"description\":\"\",\"publisher\":{\"@id\":\"https:\/\/centraldacop.oc.eco.br\/#organization\"},\"potentialAction\":[{\"@type\":\"SearchAction\",\"target\":{\"@type\":\"EntryPoint\",\"urlTemplate\":\"https:\/\/centraldacop.oc.eco.br\/?s={search_term_string}\"},\"query-input\":{\"@type\":\"PropertyValueSpecification\",\"valueRequired\":true,\"valueName\":\"search_term_string\"}}],\"inLanguage\":\"en-US\"},{\"@type\":\"Organization\",\"@id\":\"https:\/\/centraldacop.oc.eco.br\/#organization\",\"name\":\"Central da COP\",\"alternateName\":\"O Central da COP \u00e9 um site criado pelo Observat\u00f3rio do Clima\",\"url\":\"https:\/\/centraldacop.oc.eco.br\/\",\"logo\":{\"@type\":\"ImageObject\",\"inLanguage\":\"en-US\",\"@id\":\"https:\/\/centraldacop.oc.eco.br\/#\/schema\/logo\/image\/\",\"url\":\"https:\/\/centraldacop.oc.eco.br\/wp-content\/uploads\/2024\/07\/Central-da-COP-Escudo.svg\",\"contentUrl\":\"https:\/\/centraldacop.oc.eco.br\/wp-content\/uploads\/2024\/07\/Central-da-COP-Escudo.svg\",\"width\":800,\"height\":800,\"caption\":\"Central da COP\"},\"image\":{\"@id\":\"https:\/\/centraldacop.oc.eco.br\/#\/schema\/logo\/image\/\"},\"sameAs\":[\"https:\/\/www.facebook.com\/ObservatorioClima\",\"https:\/\/x.com\/obsclima\"]},{\"@type\":\"Person\",\"@id\":\"https:\/\/centraldacop.oc.eco.br\/#\/schema\/person\/4b1b2c227e4ee05b05a3b988b391c848\",\"name\":\"DA CENTRAL DA COP\",\"image\":{\"@type\":\"ImageObject\",\"inLanguage\":\"en-US\",\"@id\":\"https:\/\/centraldacop.oc.eco.br\/#\/schema\/person\/image\/553a05983b11829c3ea4b294f75b436b\",\"url\":\"https:\/\/secure.gravatar.com\/avatar\/39521e7a5073da06a8bff4c9e44b7f33d5b0c6df678624da459a727cf36cecf0?s=96&d=mm&r=g\",\"contentUrl\":\"https:\/\/secure.gravatar.com\/avatar\/39521e7a5073da06a8bff4c9e44b7f33d5b0c6df678624da459a727cf36cecf0?s=96&d=mm&r=g\",\"caption\":\"DA CENTRAL DA COP\"},\"url\":\"https:\/\/centraldacop.oc.eco.br\/en\/author\/da-central-da-cop\/\"}]}<\/script>\n<!-- \/ Yoast SEO plugin. -->","yoast_head_json":{"title":"Central is in the finals!","description":"Central da COP and the Par\u00e1 Football Federation join forces to bring information on climate change to the match between Remo and Paysandu in the Paraz\u00e3o final","robots":{"index":"index","follow":"follow","max-snippet":"max-snippet:-1","max-image-preview":"max-image-preview:large","max-video-preview":"max-video-preview:-1"},"canonical":"https:\/\/centraldacop.oc.eco.br\/en\/central-is-in-the-finals\/","og_locale":"en_US","og_type":"article","og_title":"Central is in the finals!","og_description":"Central da COP and the Par\u00e1 Football Federation join forces to bring information on climate change to the match between Remo and Paysandu in the Paraz\u00e3o final","og_url":"https:\/\/centraldacop.oc.eco.br\/en\/central-is-in-the-finals\/","og_site_name":"Central da COP","article_publisher":"https:\/\/www.facebook.com\/ObservatorioClima","article_published_time":"2025-05-06T12:06:59+00:00","article_modified_time":"2025-05-08T00:07:20+00:00","og_image":[{"width":1600,"height":800,"url":"https:\/\/centraldacop.oc.eco.br\/wp-content\/uploads\/2025\/05\/WhatsApp-Image-2025-05-05-at-11.25.27.jpeg","type":"image\/jpeg"}],"author":"DA CENTRAL DA COP","twitter_card":"summary_large_image","twitter_creator":"@obsclima","twitter_site":"@obsclima","twitter_misc":{"Written by":"DA CENTRAL DA COP","Est. reading time":"2 minutes"},"schema":{"@context":"https:\/\/schema.org","@graph":[{"@type":"Article","@id":"https:\/\/centraldacop.oc.eco.br\/en\/central-is-in-the-finals\/#article","isPartOf":{"@id":"https:\/\/centraldacop.oc.eco.br\/en\/central-is-in-the-finals\/"},"author":{"name":"DA CENTRAL DA COP","@id":"https:\/\/centraldacop.oc.eco.br\/#\/schema\/person\/4b1b2c227e4ee05b05a3b988b391c848"},"headline":"Central is in the finals!","datePublished":"2025-05-06T12:06:59+00:00","dateModified":"2025-05-08T00:07:20+00:00","mainEntityOfPage":{"@id":"https:\/\/centraldacop.oc.eco.br\/en\/central-is-in-the-finals\/"},"wordCount":455,"publisher":{"@id":"https:\/\/centraldacop.oc.eco.br\/#organization"},"image":{"@id":"https:\/\/centraldacop.oc.eco.br\/en\/central-is-in-the-finals\/#primaryimage"},"thumbnailUrl":"https:\/\/centraldacop.oc.eco.br\/wp-content\/uploads\/2025\/05\/WhatsApp-Image-2025-05-05-at-11.25.27.jpeg","keywords":["Central da COP","COP 30","Par\u00e1 soccer championship"],"articleSection":["News"],"inLanguage":"en-US"},{"@type":"WebPage","@id":"https:\/\/centraldacop.oc.eco.br\/en\/central-is-in-the-finals\/","url":"https:\/\/centraldacop.oc.eco.br\/en\/central-is-in-the-finals\/","name":"Central is in the finals!","isPartOf":{"@id":"https:\/\/centraldacop.oc.eco.br\/#website"},"primaryImageOfPage":{"@id":"https:\/\/centraldacop.oc.eco.br\/en\/central-is-in-the-finals\/#primaryimage"},"image":{"@id":"https:\/\/centraldacop.oc.eco.br\/en\/central-is-in-the-finals\/#primaryimage"},"thumbnailUrl":"https:\/\/centraldacop.oc.eco.br\/wp-content\/uploads\/2025\/05\/WhatsApp-Image-2025-05-05-at-11.25.27.jpeg","datePublished":"2025-05-06T12:06:59+00:00","dateModified":"2025-05-08T00:07:20+00:00","description":"Central da COP and the Par\u00e1 Football Federation join forces to bring information on climate change to the match between Remo and Paysandu in the Paraz\u00e3o final","breadcrumb":{"@id":"https:\/\/centraldacop.oc.eco.br\/en\/central-is-in-the-finals\/#breadcrumb"},"inLanguage":"en-US","potentialAction":[{"@type":"ReadAction","target":["https:\/\/centraldacop.oc.eco.br\/en\/central-is-in-the-finals\/"]}]},{"@type":"ImageObject","inLanguage":"en-US","@id":"https:\/\/centraldacop.oc.eco.br\/en\/central-is-in-the-finals\/#primaryimage","url":"https:\/\/centraldacop.oc.eco.br\/wp-content\/uploads\/2025\/05\/WhatsApp-Image-2025-05-05-at-11.25.27.jpeg","contentUrl":"https:\/\/centraldacop.oc.eco.br\/wp-content\/uploads\/2025\/05\/WhatsApp-Image-2025-05-05-at-11.25.27.jpeg","width":1600,"height":800,"caption":"O evento conta com apoio de organiza\u00e7\u00f5es que integram o Observat\u00f3rio do Clima, como Ipam, ISA, IEB, Basa e Engajamundo, e parcerias com a Secretaria de Cultura do Par\u00e1 e da Funda\u00e7\u00e3o Cultural do estado"},{"@type":"BreadcrumbList","@id":"https:\/\/centraldacop.oc.eco.br\/en\/central-is-in-the-finals\/#breadcrumb","itemListElement":[{"@type":"ListItem","position":1,"name":"In\u00edcio","item":"https:\/\/centraldacop.oc.eco.br\/en\/home\/"},{"@type":"ListItem","position":2,"name":"Central is in the finals!"}]},{"@type":"WebSite","@id":"https:\/\/centraldacop.oc.eco.br\/#website","url":"https:\/\/centraldacop.oc.eco.br\/","name":"Central da COP","description":"","publisher":{"@id":"https:\/\/centraldacop.oc.eco.br\/#organization"},"potentialAction":[{"@type":"SearchAction","target":{"@type":"EntryPoint","urlTemplate":"https:\/\/centraldacop.oc.eco.br\/?s={search_term_string}"},"query-input":{"@type":"PropertyValueSpecification","valueRequired":true,"valueName":"search_term_string"}}],"inLanguage":"en-US"},{"@type":"Organization","@id":"https:\/\/centraldacop.oc.eco.br\/#organization","name":"Central da COP","alternateName":"O Central da COP \u00e9 um site criado pelo Observat\u00f3rio do Clima","url":"https:\/\/centraldacop.oc.eco.br\/","logo":{"@type":"ImageObject","inLanguage":"en-US","@id":"https:\/\/centraldacop.oc.eco.br\/#\/schema\/logo\/image\/","url":"https:\/\/centraldacop.oc.eco.br\/wp-content\/uploads\/2024\/07\/Central-da-COP-Escudo.svg","contentUrl":"https:\/\/centraldacop.oc.eco.br\/wp-content\/uploads\/2024\/07\/Central-da-COP-Escudo.svg","width":800,"height":800,"caption":"Central da COP"},"image":{"@id":"https:\/\/centraldacop.oc.eco.br\/#\/schema\/logo\/image\/"},"sameAs":["https:\/\/www.facebook.com\/ObservatorioClima","https:\/\/x.com\/obsclima"]},{"@type":"Person","@id":"https:\/\/centraldacop.oc.eco.br\/#\/schema\/person\/4b1b2c227e4ee05b05a3b988b391c848","name":"DA CENTRAL DA COP","image":{"@type":"ImageObject","inLanguage":"en-US","@id":"https:\/\/centraldacop.oc.eco.br\/#\/schema\/person\/image\/553a05983b11829c3ea4b294f75b436b","url":"https:\/\/secure.gravatar.com\/avatar\/39521e7a5073da06a8bff4c9e44b7f33d5b0c6df678624da459a727cf36cecf0?s=96&d=mm&r=g","contentUrl":"https:\/\/secure.gravatar.com\/avatar\/39521e7a5073da06a8bff4c9e44b7f33d5b0c6df678624da459a727cf36cecf0?s=96&d=mm&r=g","caption":"DA CENTRAL DA COP"},"url":"https:\/\/centraldacop.oc.eco.br\/en\/author\/da-central-da-cop\/"}]}},"jetpack_featured_media_url":"https:\/\/centraldacop.oc.eco.br\/wp-content\/uploads\/2025\/05\/WhatsApp-Image-2025-05-05-at-11.25.27.jpeg","authors":[{"term_id":70,"user_id":19,"is_guest":0,"slug":"da-central-da-cop","display_name":"DA CENTRAL DA COP","avatar_url":"https:\/\/secure.gravatar.com\/avatar\/39521e7a5073da06a8bff4c9e44b7f33d5b0c6df678624da459a727cf36cecf0?s=96&d=mm&r=g","author_category":"","first_name":"","last_name":"","user_url":"","job_title":"","description":""}],"_links":{"self":[{"href":"https:\/\/centraldacop.oc.eco.br\/en\/wp-json\/wp\/v2\/posts\/2335","targetHints":{"allow":["GET"]}}],"collection":[{"href":"https:\/\/centraldacop.oc.eco.br\/en\/wp-json\/wp\/v2\/posts"}],"about":[{"href":"https:\/\/centraldacop.oc.eco.br\/en\/wp-json\/wp\/v2\/types\/post"}],"author":[{"embeddable":true,"href":"https:\/\/centraldacop.oc.eco.br\/en\/wp-json\/wp\/v2\/users\/19"}],"replies":[{"embeddable":true,"href":"https:\/\/centraldacop.oc.eco.br\/en\/wp-json\/wp\/v2\/comments?post=2335"}],"version-history":[{"count":1,"href":"https:\/\/centraldacop.oc.eco.br\/en\/wp-json\/wp\/v2\/posts\/2335\/revisions"}],"predecessor-version":[{"id":2336,"href":"https:\/\/centraldacop.oc.eco.br\/en\/wp-json\/wp\/v2\/posts\/2335\/revisions\/2336"}],"wp:featuredmedia":[{"embeddable":true,"href":"https:\/\/centraldacop.oc.eco.br\/en\/wp-json\/wp\/v2\/media\/2196"}],"wp:attachment":[{"href":"https:\/\/centraldacop.oc.eco.br\/en\/wp-json\/wp\/v2\/media?parent=2335"}],"wp:term":[{"taxonomy":"category","embeddable":true,"href":"https:\/\/centraldacop.oc.eco.br\/en\/wp-json\/wp\/v2\/categories?post=2335"},{"taxonomy":"post_tag","embeddable":true,"href":"https:\/\/centraldacop.oc.eco.br\/en\/wp-json\/wp\/v2\/tags?post=2335"},{"taxonomy":"author","embeddable":true,"href":"https:\/\/centraldacop.oc.eco.br\/en\/wp-json\/wp\/v2\/ppma_author?post=2335"}],"curies":[{"name":"wp","href":"https:\/\/api.w.org\/{rel}","templated":true}]}}