{"id":1678,"date":"2024-08-23T20:00:00","date_gmt":"2024-08-23T23:00:00","guid":{"rendered":"https:\/\/centraldacop.oc.eco.br\/br-319-gets-a-longer-suspension-than-gabigol\/"},"modified":"2025-02-04T18:11:25","modified_gmt":"2025-02-04T21:11:25","slug":"br-319-gets-a-longer-suspension-than-gabigol","status":"publish","type":"post","link":"https:\/\/centraldacop.oc.eco.br\/en\/br-319-gets-a-longer-suspension-than-gabigol\/","title":{"rendered":"BR-319 gets a longer suspension than Gabigol"},"content":{"rendered":"\n<p>Flamengo&#8217;s Gabigol spent most of the year with his playing rights suspended for having flouted the rules of an anti-doping test. But he is not alone. On Friday, August 23, a lower court decision upheld the suspension of the Preliminary License (LP No. 672\/2022) for the reconstruction and paving of the middle stretch of the BR-319 highway (Manaus-Porto Velho). The president of the Federal Regional Court of the 1st Region (TRF1) denied a request from the National Department of Transportation Infrastructure (Dnit\/Ministry of Transportation) and the Federal Government. The request sought to overturn the preliminary injunction that <a href=\"https:\/\/oc.eco.br\/liminar-anula-licenca-previa-da-br-319\/\">suspended the project&#8217;s license<\/a> in July. It&#8217;s the Amazon&#8217;s goal.<\/p>\n\n<p>The LP for the reconstruction and paving of the middle stretch of the BR-319 highway was granted by the Brazilian Institute for the Environment and Renewable Natural Resources (IBAMA) in the last year of the Bolsonaro administration, in a politically motivated decision that ignored the historic work of the environmental agency itself. The injunction suspending the license, issued by the 7th Environmental and Agrarian Court of the Judicial Section of Amazonas, granted a public civil action filed by the Climate Observatory.  <\/p>\n\n<p>According to the lawsuit filed by the OC, the LP disregarded technical data and opinions made by Ibama itself during the BR-319 environmental licensing process. The decision recognized the need for environmental governance and deforestation control to be implemented before the highway is rehabilitated and pointed out that, otherwise, the environmental damage already predicted for the areas surrounding the project will not be avoided.  <\/p>\n\n<p>In their request for a stay of the injunction, Dnit and the Federal Government claimed that it would represent &#8220;serious damage to public order&#8221;. In the order denying the request, Federal Judge Jo\u00e3o Batista Moreira, president of the TRF1, pointed out that the danger to public order is actually represented by the advance of the work without the pre-existence of environmental governance.  <\/p>\n\n<p>&#8220;In the case of environmental matters, given the constitutional principle of prevention, the doubt about the impacts on the environment recommends that the manager refrain from acting, from being prudent, so that the danger to public order is not present by the precautionary suspension of the progress of the works, but rather by their progress without the structural measures that are already necessary today,&#8221; says the decision.  <\/p>\n\n<p>For Suely Ara\u00fajo, the Climate Observatory&#8217;s public policy coordinator, the lower court decision is a very important procedural victory. &#8220;The president of the TRF1 has done justice and guaranteed due process of law. Suspending the injunction at this stage of the process would enable the licensing of the installation of the work to continue, in practice removing the examination of the merits of the illegalities of the prior license and prejudicing the necessary factual and legal analyses,&#8221; he says.<\/p>\n\n<p><\/p>\n","protected":false},"excerpt":{"rendered":"<p>If it goes ahead, the Preliminary License for paving the middle stretch could ruin Brazil&#8217;s climate goals<\/p>\n","protected":false},"author":9,"featured_media":1592,"comment_status":"closed","ping_status":"closed","sticky":false,"template":"","format":"standard","meta":{"_acf_changed":false,"footnotes":""},"categories":[126],"tags":[],"ppma_author":[33],"class_list":["post-1678","post","type-post","status-publish","format-standard","has-post-thumbnail","hentry","category-news"],"acf":[],"yoast_head":"<!-- This site is optimized with the Yoast SEO plugin v26.4 - https:\/\/yoast.com\/wordpress\/plugins\/seo\/ -->\n<title>BR-319 gets a longer suspension than Gabigol - Central da COP<\/title>\n<meta name=\"robots\" content=\"index, follow, max-snippet:-1, max-image-preview:large, max-video-preview:-1\" \/>\n<link rel=\"canonical\" href=\"https:\/\/centraldacop.oc.eco.br\/en\/br-319-gets-a-longer-suspension-than-gabigol\/\" \/>\n<meta property=\"og:locale\" content=\"en_US\" \/>\n<meta property=\"og:type\" content=\"article\" \/>\n<meta property=\"og:title\" content=\"BR-319 gets a longer suspension than Gabigol - Central da COP\" \/>\n<meta property=\"og:description\" content=\"If it goes ahead, the Preliminary License for paving the middle stretch could ruin Brazil&#039;s climate goals\" \/>\n<meta property=\"og:url\" content=\"https:\/\/centraldacop.oc.eco.br\/en\/br-319-gets-a-longer-suspension-than-gabigol\/\" \/>\n<meta property=\"og:site_name\" content=\"Central da COP\" \/>\n<meta property=\"article:publisher\" content=\"https:\/\/www.facebook.com\/ObservatorioClima\" \/>\n<meta property=\"article:published_time\" content=\"2024-08-23T23:00:00+00:00\" \/>\n<meta property=\"article:modified_time\" content=\"2025-02-04T21:11:25+00:00\" \/>\n<meta property=\"og:image\" content=\"https:\/\/centraldacop.oc.eco.br\/wp-content\/uploads\/2024\/08\/br-319-2-v2.jpg\" \/>\n\t<meta property=\"og:image:width\" content=\"1920\" \/>\n\t<meta property=\"og:image:height\" content=\"1080\" \/>\n\t<meta property=\"og:image:type\" content=\"image\/jpeg\" \/>\n<meta name=\"author\" content=\"Do Observat\u00f3rio do Clima\" \/>\n<meta name=\"twitter:card\" content=\"summary_large_image\" \/>\n<meta name=\"twitter:creator\" content=\"@obsclima\" \/>\n<meta name=\"twitter:site\" content=\"@obsclima\" \/>\n<meta name=\"twitter:label1\" content=\"Written by\" \/>\n\t<meta name=\"twitter:data1\" content=\"Do Observat\u00f3rio do Clima\" \/>\n\t<meta name=\"twitter:label2\" content=\"Est. reading time\" \/>\n\t<meta name=\"twitter:data2\" content=\"2 minutes\" \/>\n<script type=\"application\/ld+json\" class=\"yoast-schema-graph\">{\"@context\":\"https:\/\/schema.org\",\"@graph\":[{\"@type\":\"Article\",\"@id\":\"https:\/\/centraldacop.oc.eco.br\/en\/br-319-gets-a-longer-suspension-than-gabigol\/#article\",\"isPartOf\":{\"@id\":\"https:\/\/centraldacop.oc.eco.br\/en\/br-319-gets-a-longer-suspension-than-gabigol\/\"},\"author\":{\"name\":\"Do Observat\u00f3rio do Clima\",\"@id\":\"https:\/\/centraldacop.oc.eco.br\/#\/schema\/person\/144a7c97304a3788f37d55e5de603774\"},\"headline\":\"BR-319 gets a longer suspension than Gabigol\",\"datePublished\":\"2024-08-23T23:00:00+00:00\",\"dateModified\":\"2025-02-04T21:11:25+00:00\",\"mainEntityOfPage\":{\"@id\":\"https:\/\/centraldacop.oc.eco.br\/en\/br-319-gets-a-longer-suspension-than-gabigol\/\"},\"wordCount\":473,\"publisher\":{\"@id\":\"https:\/\/centraldacop.oc.eco.br\/#organization\"},\"image\":{\"@id\":\"https:\/\/centraldacop.oc.eco.br\/en\/br-319-gets-a-longer-suspension-than-gabigol\/#primaryimage\"},\"thumbnailUrl\":\"https:\/\/centraldacop.oc.eco.br\/wp-content\/uploads\/2024\/08\/br-319-2-v2.jpg\",\"articleSection\":[\"News\"],\"inLanguage\":\"en-US\"},{\"@type\":\"WebPage\",\"@id\":\"https:\/\/centraldacop.oc.eco.br\/en\/br-319-gets-a-longer-suspension-than-gabigol\/\",\"url\":\"https:\/\/centraldacop.oc.eco.br\/en\/br-319-gets-a-longer-suspension-than-gabigol\/\",\"name\":\"BR-319 gets a longer suspension than Gabigol - Central da COP\",\"isPartOf\":{\"@id\":\"https:\/\/centraldacop.oc.eco.br\/#website\"},\"primaryImageOfPage\":{\"@id\":\"https:\/\/centraldacop.oc.eco.br\/en\/br-319-gets-a-longer-suspension-than-gabigol\/#primaryimage\"},\"image\":{\"@id\":\"https:\/\/centraldacop.oc.eco.br\/en\/br-319-gets-a-longer-suspension-than-gabigol\/#primaryimage\"},\"thumbnailUrl\":\"https:\/\/centraldacop.oc.eco.br\/wp-content\/uploads\/2024\/08\/br-319-2-v2.jpg\",\"datePublished\":\"2024-08-23T23:00:00+00:00\",\"dateModified\":\"2025-02-04T21:11:25+00:00\",\"breadcrumb\":{\"@id\":\"https:\/\/centraldacop.oc.eco.br\/en\/br-319-gets-a-longer-suspension-than-gabigol\/#breadcrumb\"},\"inLanguage\":\"en-US\",\"potentialAction\":[{\"@type\":\"ReadAction\",\"target\":[\"https:\/\/centraldacop.oc.eco.br\/en\/br-319-gets-a-longer-suspension-than-gabigol\/\"]}]},{\"@type\":\"ImageObject\",\"inLanguage\":\"en-US\",\"@id\":\"https:\/\/centraldacop.oc.eco.br\/en\/br-319-gets-a-longer-suspension-than-gabigol\/#primaryimage\",\"url\":\"https:\/\/centraldacop.oc.eco.br\/wp-content\/uploads\/2024\/08\/br-319-2-v2.jpg\",\"contentUrl\":\"https:\/\/centraldacop.oc.eco.br\/wp-content\/uploads\/2024\/08\/br-319-2-v2.jpg\",\"width\":1920,\"height\":1080,\"caption\":\"Estrada tem poder de destrui\u00e7\u00e3o maior at\u00e9 do que uma copa organizada pela Fifa\"},{\"@type\":\"BreadcrumbList\",\"@id\":\"https:\/\/centraldacop.oc.eco.br\/en\/br-319-gets-a-longer-suspension-than-gabigol\/#breadcrumb\",\"itemListElement\":[{\"@type\":\"ListItem\",\"position\":1,\"name\":\"In\u00edcio\",\"item\":\"https:\/\/centraldacop.oc.eco.br\/en\/home\/\"},{\"@type\":\"ListItem\",\"position\":2,\"name\":\"BR-319 gets a longer suspension than Gabigol\"}]},{\"@type\":\"WebSite\",\"@id\":\"https:\/\/centraldacop.oc.eco.br\/#website\",\"url\":\"https:\/\/centraldacop.oc.eco.br\/\",\"name\":\"Central da COP\",\"description\":\"\",\"publisher\":{\"@id\":\"https:\/\/centraldacop.oc.eco.br\/#organization\"},\"potentialAction\":[{\"@type\":\"SearchAction\",\"target\":{\"@type\":\"EntryPoint\",\"urlTemplate\":\"https:\/\/centraldacop.oc.eco.br\/?s={search_term_string}\"},\"query-input\":{\"@type\":\"PropertyValueSpecification\",\"valueRequired\":true,\"valueName\":\"search_term_string\"}}],\"inLanguage\":\"en-US\"},{\"@type\":\"Organization\",\"@id\":\"https:\/\/centraldacop.oc.eco.br\/#organization\",\"name\":\"Central da COP\",\"alternateName\":\"O Central da COP \u00e9 um site criado pelo Observat\u00f3rio do Clima\",\"url\":\"https:\/\/centraldacop.oc.eco.br\/\",\"logo\":{\"@type\":\"ImageObject\",\"inLanguage\":\"en-US\",\"@id\":\"https:\/\/centraldacop.oc.eco.br\/#\/schema\/logo\/image\/\",\"url\":\"https:\/\/centraldacop.oc.eco.br\/wp-content\/uploads\/2024\/07\/Central-da-COP-Escudo.svg\",\"contentUrl\":\"https:\/\/centraldacop.oc.eco.br\/wp-content\/uploads\/2024\/07\/Central-da-COP-Escudo.svg\",\"width\":800,\"height\":800,\"caption\":\"Central da COP\"},\"image\":{\"@id\":\"https:\/\/centraldacop.oc.eco.br\/#\/schema\/logo\/image\/\"},\"sameAs\":[\"https:\/\/www.facebook.com\/ObservatorioClima\",\"https:\/\/x.com\/obsclima\"]},{\"@type\":\"Person\",\"@id\":\"https:\/\/centraldacop.oc.eco.br\/#\/schema\/person\/144a7c97304a3788f37d55e5de603774\",\"name\":\"Do Observat\u00f3rio do Clima\",\"image\":{\"@type\":\"ImageObject\",\"inLanguage\":\"en-US\",\"@id\":\"https:\/\/centraldacop.oc.eco.br\/#\/schema\/person\/image\/1fe4a4d122e7e0543fe68f6522719aad\",\"url\":\"https:\/\/secure.gravatar.com\/avatar\/1d5e008e99061e8d12fa17562b3e0487c8af2aac70781ece1708deb4948645c8?s=96&d=mm&r=g\",\"contentUrl\":\"https:\/\/secure.gravatar.com\/avatar\/1d5e008e99061e8d12fa17562b3e0487c8af2aac70781ece1708deb4948645c8?s=96&d=mm&r=g\",\"caption\":\"Do Observat\u00f3rio do Clima\"},\"url\":\"https:\/\/centraldacop.oc.eco.br\/en\/author\/do-observatorio-do-clima\/\"}]}<\/script>\n<!-- \/ Yoast SEO plugin. -->","yoast_head_json":{"title":"BR-319 gets a longer suspension than Gabigol - Central da COP","robots":{"index":"index","follow":"follow","max-snippet":"max-snippet:-1","max-image-preview":"max-image-preview:large","max-video-preview":"max-video-preview:-1"},"canonical":"https:\/\/centraldacop.oc.eco.br\/en\/br-319-gets-a-longer-suspension-than-gabigol\/","og_locale":"en_US","og_type":"article","og_title":"BR-319 gets a longer suspension than Gabigol - Central da COP","og_description":"If it goes ahead, the Preliminary License for paving the middle stretch could ruin Brazil's climate goals","og_url":"https:\/\/centraldacop.oc.eco.br\/en\/br-319-gets-a-longer-suspension-than-gabigol\/","og_site_name":"Central da COP","article_publisher":"https:\/\/www.facebook.com\/ObservatorioClima","article_published_time":"2024-08-23T23:00:00+00:00","article_modified_time":"2025-02-04T21:11:25+00:00","og_image":[{"width":1920,"height":1080,"url":"https:\/\/centraldacop.oc.eco.br\/wp-content\/uploads\/2024\/08\/br-319-2-v2.jpg","type":"image\/jpeg"}],"author":"Do Observat\u00f3rio do Clima","twitter_card":"summary_large_image","twitter_creator":"@obsclima","twitter_site":"@obsclima","twitter_misc":{"Written by":"Do Observat\u00f3rio do Clima","Est. reading time":"2 minutes"},"schema":{"@context":"https:\/\/schema.org","@graph":[{"@type":"Article","@id":"https:\/\/centraldacop.oc.eco.br\/en\/br-319-gets-a-longer-suspension-than-gabigol\/#article","isPartOf":{"@id":"https:\/\/centraldacop.oc.eco.br\/en\/br-319-gets-a-longer-suspension-than-gabigol\/"},"author":{"name":"Do Observat\u00f3rio do Clima","@id":"https:\/\/centraldacop.oc.eco.br\/#\/schema\/person\/144a7c97304a3788f37d55e5de603774"},"headline":"BR-319 gets a longer suspension than Gabigol","datePublished":"2024-08-23T23:00:00+00:00","dateModified":"2025-02-04T21:11:25+00:00","mainEntityOfPage":{"@id":"https:\/\/centraldacop.oc.eco.br\/en\/br-319-gets-a-longer-suspension-than-gabigol\/"},"wordCount":473,"publisher":{"@id":"https:\/\/centraldacop.oc.eco.br\/#organization"},"image":{"@id":"https:\/\/centraldacop.oc.eco.br\/en\/br-319-gets-a-longer-suspension-than-gabigol\/#primaryimage"},"thumbnailUrl":"https:\/\/centraldacop.oc.eco.br\/wp-content\/uploads\/2024\/08\/br-319-2-v2.jpg","articleSection":["News"],"inLanguage":"en-US"},{"@type":"WebPage","@id":"https:\/\/centraldacop.oc.eco.br\/en\/br-319-gets-a-longer-suspension-than-gabigol\/","url":"https:\/\/centraldacop.oc.eco.br\/en\/br-319-gets-a-longer-suspension-than-gabigol\/","name":"BR-319 gets a longer suspension than Gabigol - Central da COP","isPartOf":{"@id":"https:\/\/centraldacop.oc.eco.br\/#website"},"primaryImageOfPage":{"@id":"https:\/\/centraldacop.oc.eco.br\/en\/br-319-gets-a-longer-suspension-than-gabigol\/#primaryimage"},"image":{"@id":"https:\/\/centraldacop.oc.eco.br\/en\/br-319-gets-a-longer-suspension-than-gabigol\/#primaryimage"},"thumbnailUrl":"https:\/\/centraldacop.oc.eco.br\/wp-content\/uploads\/2024\/08\/br-319-2-v2.jpg","datePublished":"2024-08-23T23:00:00+00:00","dateModified":"2025-02-04T21:11:25+00:00","breadcrumb":{"@id":"https:\/\/centraldacop.oc.eco.br\/en\/br-319-gets-a-longer-suspension-than-gabigol\/#breadcrumb"},"inLanguage":"en-US","potentialAction":[{"@type":"ReadAction","target":["https:\/\/centraldacop.oc.eco.br\/en\/br-319-gets-a-longer-suspension-than-gabigol\/"]}]},{"@type":"ImageObject","inLanguage":"en-US","@id":"https:\/\/centraldacop.oc.eco.br\/en\/br-319-gets-a-longer-suspension-than-gabigol\/#primaryimage","url":"https:\/\/centraldacop.oc.eco.br\/wp-content\/uploads\/2024\/08\/br-319-2-v2.jpg","contentUrl":"https:\/\/centraldacop.oc.eco.br\/wp-content\/uploads\/2024\/08\/br-319-2-v2.jpg","width":1920,"height":1080,"caption":"Estrada tem poder de destrui\u00e7\u00e3o maior at\u00e9 do que uma copa organizada pela Fifa"},{"@type":"BreadcrumbList","@id":"https:\/\/centraldacop.oc.eco.br\/en\/br-319-gets-a-longer-suspension-than-gabigol\/#breadcrumb","itemListElement":[{"@type":"ListItem","position":1,"name":"In\u00edcio","item":"https:\/\/centraldacop.oc.eco.br\/en\/home\/"},{"@type":"ListItem","position":2,"name":"BR-319 gets a longer suspension than Gabigol"}]},{"@type":"WebSite","@id":"https:\/\/centraldacop.oc.eco.br\/#website","url":"https:\/\/centraldacop.oc.eco.br\/","name":"Central da COP","description":"","publisher":{"@id":"https:\/\/centraldacop.oc.eco.br\/#organization"},"potentialAction":[{"@type":"SearchAction","target":{"@type":"EntryPoint","urlTemplate":"https:\/\/centraldacop.oc.eco.br\/?s={search_term_string}"},"query-input":{"@type":"PropertyValueSpecification","valueRequired":true,"valueName":"search_term_string"}}],"inLanguage":"en-US"},{"@type":"Organization","@id":"https:\/\/centraldacop.oc.eco.br\/#organization","name":"Central da COP","alternateName":"O Central da COP \u00e9 um site criado pelo Observat\u00f3rio do Clima","url":"https:\/\/centraldacop.oc.eco.br\/","logo":{"@type":"ImageObject","inLanguage":"en-US","@id":"https:\/\/centraldacop.oc.eco.br\/#\/schema\/logo\/image\/","url":"https:\/\/centraldacop.oc.eco.br\/wp-content\/uploads\/2024\/07\/Central-da-COP-Escudo.svg","contentUrl":"https:\/\/centraldacop.oc.eco.br\/wp-content\/uploads\/2024\/07\/Central-da-COP-Escudo.svg","width":800,"height":800,"caption":"Central da COP"},"image":{"@id":"https:\/\/centraldacop.oc.eco.br\/#\/schema\/logo\/image\/"},"sameAs":["https:\/\/www.facebook.com\/ObservatorioClima","https:\/\/x.com\/obsclima"]},{"@type":"Person","@id":"https:\/\/centraldacop.oc.eco.br\/#\/schema\/person\/144a7c97304a3788f37d55e5de603774","name":"Do Observat\u00f3rio do Clima","image":{"@type":"ImageObject","inLanguage":"en-US","@id":"https:\/\/centraldacop.oc.eco.br\/#\/schema\/person\/image\/1fe4a4d122e7e0543fe68f6522719aad","url":"https:\/\/secure.gravatar.com\/avatar\/1d5e008e99061e8d12fa17562b3e0487c8af2aac70781ece1708deb4948645c8?s=96&d=mm&r=g","contentUrl":"https:\/\/secure.gravatar.com\/avatar\/1d5e008e99061e8d12fa17562b3e0487c8af2aac70781ece1708deb4948645c8?s=96&d=mm&r=g","caption":"Do Observat\u00f3rio do Clima"},"url":"https:\/\/centraldacop.oc.eco.br\/en\/author\/do-observatorio-do-clima\/"}]}},"jetpack_featured_media_url":"https:\/\/centraldacop.oc.eco.br\/wp-content\/uploads\/2024\/08\/br-319-2-v2.jpg","authors":[{"term_id":33,"user_id":9,"is_guest":0,"slug":"do-observatorio-do-clima","display_name":"Do Observat\u00f3rio do Clima","avatar_url":"https:\/\/secure.gravatar.com\/avatar\/1d5e008e99061e8d12fa17562b3e0487c8af2aac70781ece1708deb4948645c8?s=96&d=mm&r=g","author_category":"","first_name":"","last_name":"","user_url":"","job_title":"","description":""}],"_links":{"self":[{"href":"https:\/\/centraldacop.oc.eco.br\/en\/wp-json\/wp\/v2\/posts\/1678","targetHints":{"allow":["GET"]}}],"collection":[{"href":"https:\/\/centraldacop.oc.eco.br\/en\/wp-json\/wp\/v2\/posts"}],"about":[{"href":"https:\/\/centraldacop.oc.eco.br\/en\/wp-json\/wp\/v2\/types\/post"}],"author":[{"embeddable":true,"href":"https:\/\/centraldacop.oc.eco.br\/en\/wp-json\/wp\/v2\/users\/9"}],"replies":[{"embeddable":true,"href":"https:\/\/centraldacop.oc.eco.br\/en\/wp-json\/wp\/v2\/comments?post=1678"}],"version-history":[{"count":1,"href":"https:\/\/centraldacop.oc.eco.br\/en\/wp-json\/wp\/v2\/posts\/1678\/revisions"}],"predecessor-version":[{"id":1679,"href":"https:\/\/centraldacop.oc.eco.br\/en\/wp-json\/wp\/v2\/posts\/1678\/revisions\/1679"}],"wp:featuredmedia":[{"embeddable":true,"href":"https:\/\/centraldacop.oc.eco.br\/en\/wp-json\/wp\/v2\/media\/1592"}],"wp:attachment":[{"href":"https:\/\/centraldacop.oc.eco.br\/en\/wp-json\/wp\/v2\/media?parent=1678"}],"wp:term":[{"taxonomy":"category","embeddable":true,"href":"https:\/\/centraldacop.oc.eco.br\/en\/wp-json\/wp\/v2\/categories?post=1678"},{"taxonomy":"post_tag","embeddable":true,"href":"https:\/\/centraldacop.oc.eco.br\/en\/wp-json\/wp\/v2\/tags?post=1678"},{"taxonomy":"author","embeddable":true,"href":"https:\/\/centraldacop.oc.eco.br\/en\/wp-json\/wp\/v2\/ppma_author?post=1678"}],"curies":[{"name":"wp","href":"https:\/\/api.w.org\/{rel}","templated":true}]}}